{"id":329,"date":"2015-01-27T12:47:27","date_gmt":"2015-01-27T11:47:27","guid":{"rendered":"http:\/\/undetec.com\/blog\/?p=329"},"modified":"2015-02-27T15:04:24","modified_gmt":"2015-02-27T14:04:24","slug":"webcam-catalunya-idea-general","status":"publish","type":"post","link":"https:\/\/www.undetec.com\/blog\/webcam-catalunya-idea-general\/","title":{"rendered":"WebCam Catalunya (Idea General)"},"content":{"rendered":"<p><a href=\"http:\/\/undetec.com\/blog\/wp-content\/uploads\/2015\/02\/webcamcatalunya.png\"><img loading=\"lazy\" decoding=\"async\" class=\"alignnone size-full wp-image-543\" src=\"http:\/\/undetec.com\/blog\/wp-content\/uploads\/2015\/02\/webcamcatalunya.png\" alt=\"WebCam Catalunya\" width=\"600\" height=\"190\" srcset=\"https:\/\/www.undetec.com\/blog\/wp-content\/uploads\/2015\/02\/webcamcatalunya.png 600w, https:\/\/www.undetec.com\/blog\/wp-content\/uploads\/2015\/02\/webcamcatalunya-300x95.png 300w\" sizes=\"auto, (max-width: 709px) 85vw, (max-width: 909px) 67vw, (max-width: 984px) 61vw, (max-width: 1362px) 45vw, 600px\" \/><\/a>La idea \u00e9s fer per a tothom una part que fem pels nostres clients. Una part del nostre negoci \u00e9s fer una gesti\u00f3 online de c\u00e0meres privades: hist\u00f2rics, temps real, consultes&#8230; \u00c9s tracta de donar-li un altre significat a la tecnologia que disposem i fer-ho p\u00fablic per tal que tothom ho pugui gaudir.<\/p>\n<p>Una c\u00e0mera p\u00fablica \u00e9s pot convertir en un reclam molt valu\u00f3s per ajuntaments, associacions, empreses.<\/p>\n<p><!--more--><\/p>\n<p>La nostra idea \u00e9s agrupar totes les c\u00e0meres p\u00fabliques de Catalunya en un sol lloc i poder oferir els serveis seg\u00fcents:<\/p>\n<ul>\n<li>Utilitzar la tecnologia de maps google.<\/li>\n<li>Enll\u00e0\u00e7 a la p\u00e0gina original del propietari de la c\u00e0mera i Enlla\u00e7os a recursos\u00a0 propers al lloc on est\u00e0 ubicada la c\u00e0mera. Dades meteorol\u00f2giques, ajuntament, etc. Aix\u00ed com informaci\u00f3 rellevant del que es veu a la c\u00e0mera.<\/li>\n<li>Saber en qualsevol moment si qualsevol c\u00e0mera est\u00e0 operativa.<\/li>\n<li>Imatges de les 24 \u00faltimes hores, dels 30 \u00faltims dies(1 imatge per dia) i anual(1 imatge cada mes).<\/li>\n<li>Poder deixar comentaris per part de tothom a cada c\u00e0mera.<\/li>\n<li>Poder veure la c\u00e0mera des de qualsevol dispositiu i navegador. Per poder veure la c\u00e0mera no fa falta cap mena de plugin ni aplicaci\u00f3 espec\u00edfica. S\u00f3n imatges. que en el millor dels casos s&#8217;actualitzaran cada segon.\u00a0 aix\u00f2 permet ser visibles des de qualsevol dispositiu connectat a internet.<\/li>\n<\/ul>\n<p>Per tal de poder apar\u00e8ixer al nostre directori les c\u00e0meres han de tenir les caracter\u00edstiques seg\u00fcents:<\/p>\n<ul>\n<li>Han d&#8217;enfocar exteriors.<\/li>\n<li>Han de ser publiques. No han de tenir usuari i clau i tothom a de poder veure el que est\u00e0 enfocant.<\/li>\n<li>No han d&#8217;identificar clarament a persones.<\/li>\n<li>Poden ser amb actualitzaci\u00f3 instant\u00e0nia o cada certs minuts(hauria de ser inferior a una hora). No t\u00e9 sentit temps d&#8217;actualitzaci\u00f3 superiors a una hora si el que es vol veure l&#8217;instant actual.<\/li>\n<li>S&#8217;ha de poder accedir a la imatge. Ja sigui directament a la c\u00e0mera o a un servidor on la c\u00e0mera vagi enviant l&#8217;imatge actual.<\/li>\n<\/ul>\n<p>&nbsp;<\/p>\n","protected":false},"excerpt":{"rendered":"<p>La idea \u00e9s fer per a tothom una part que fem pels nostres clients. Una part del nostre negoci \u00e9s fer una gesti\u00f3 online de c\u00e0meres privades: hist\u00f2rics, temps real, consultes&#8230; \u00c9s tracta de donar-li un altre significat a la tecnologia que disposem i fer-ho p\u00fablic per tal que tothom ho pugui gaudir. Una c\u00e0mera &hellip; <a href=\"https:\/\/www.undetec.com\/blog\/webcam-catalunya-idea-general\/\" class=\"more-link\">Continua llegint <span class=\"screen-reader-text\">\u00abWebCam Catalunya (Idea General)\u00bb<\/span><\/a><\/p>\n","protected":false},"author":2,"featured_media":0,"comment_status":"open","ping_status":"open","sticky":false,"template":"","format":"standard","meta":{"footnotes":""},"categories":[9],"tags":[],"class_list":["post-329","post","type-post","status-publish","format-standard","hentry","category-webcam-catalunya"],"yoast_head":"<!-- This site is optimized with the Yoast SEO plugin v27.5 - https:\/\/yoast.com\/product\/yoast-seo-wordpress\/ -->\n<title>WebCam Catalunya (Idea General) - UNDETEC<\/title>\n<meta name=\"description\" content=\"WebCam cameres web Catalunya Lleida Girona Tarragona Ajuntaments meteorologia\" \/>\n<meta name=\"robots\" content=\"index, follow, max-snippet:-1, max-image-preview:large, max-video-preview:-1\" \/>\n<link rel=\"canonical\" href=\"https:\/\/www.undetec.com\/blog\/webcam-catalunya-idea-general\/\" \/>\n<meta property=\"og:locale\" content=\"ca_ES\" \/>\n<meta property=\"og:type\" content=\"article\" \/>\n<meta property=\"og:title\" content=\"WebCam Catalunya (Idea General) - UNDETEC\" \/>\n<meta property=\"og:description\" content=\"WebCam cameres web Catalunya Lleida Girona Tarragona Ajuntaments meteorologia\" \/>\n<meta property=\"og:url\" content=\"https:\/\/www.undetec.com\/blog\/webcam-catalunya-idea-general\/\" \/>\n<meta property=\"og:site_name\" content=\"UNDETEC\" \/>\n<meta property=\"article:publisher\" content=\"https:\/\/www.facebook.com\/pages\/UNDETEC\/120913354659573\" \/>\n<meta property=\"article:published_time\" content=\"2015-01-27T11:47:27+00:00\" \/>\n<meta property=\"article:modified_time\" content=\"2015-02-27T14:04:24+00:00\" \/>\n<meta property=\"og:image\" content=\"http:\/\/undetec.com\/blog\/wp-content\/uploads\/2015\/02\/webcamcatalunya.png\" \/>\n<meta name=\"author\" content=\"Ramon Llorens\" \/>\n<meta name=\"twitter:card\" content=\"summary_large_image\" \/>\n<meta name=\"twitter:label1\" content=\"Escrit per\" \/>\n\t<meta name=\"twitter:data1\" content=\"Ramon Llorens\" \/>\n\t<meta name=\"twitter:label2\" content=\"Temps estimat de lectura\" \/>\n\t<meta name=\"twitter:data2\" content=\"2 minuts\" \/>\n<script type=\"application\/ld+json\" class=\"yoast-schema-graph\">{\"@context\":\"https:\\\/\\\/schema.org\",\"@graph\":[{\"@type\":\"Article\",\"@id\":\"https:\\\/\\\/www.undetec.com\\\/blog\\\/webcam-catalunya-idea-general\\\/#article\",\"isPartOf\":{\"@id\":\"https:\\\/\\\/www.undetec.com\\\/blog\\\/webcam-catalunya-idea-general\\\/\"},\"author\":{\"name\":\"Ramon Llorens\",\"@id\":\"https:\\\/\\\/www.undetec.com\\\/blog\\\/#\\\/schema\\\/person\\\/dca8d17b31af190d67f6e369bb200912\"},\"headline\":\"WebCam Catalunya (Idea General)\",\"datePublished\":\"2015-01-27T11:47:27+00:00\",\"dateModified\":\"2015-02-27T14:04:24+00:00\",\"mainEntityOfPage\":{\"@id\":\"https:\\\/\\\/www.undetec.com\\\/blog\\\/webcam-catalunya-idea-general\\\/\"},\"wordCount\":357,\"commentCount\":0,\"publisher\":{\"@id\":\"https:\\\/\\\/www.undetec.com\\\/blog\\\/#organization\"},\"image\":{\"@id\":\"https:\\\/\\\/www.undetec.com\\\/blog\\\/webcam-catalunya-idea-general\\\/#primaryimage\"},\"thumbnailUrl\":\"http:\\\/\\\/undetec.com\\\/blog\\\/wp-content\\\/uploads\\\/2015\\\/02\\\/webcamcatalunya.png\",\"articleSection\":[\"WebCam Catalunya\"],\"inLanguage\":\"ca\",\"potentialAction\":[{\"@type\":\"CommentAction\",\"name\":\"Comment\",\"target\":[\"https:\\\/\\\/www.undetec.com\\\/blog\\\/webcam-catalunya-idea-general\\\/#respond\"]}]},{\"@type\":\"WebPage\",\"@id\":\"https:\\\/\\\/www.undetec.com\\\/blog\\\/webcam-catalunya-idea-general\\\/\",\"url\":\"https:\\\/\\\/www.undetec.com\\\/blog\\\/webcam-catalunya-idea-general\\\/\",\"name\":\"WebCam Catalunya (Idea General) - UNDETEC\",\"isPartOf\":{\"@id\":\"https:\\\/\\\/www.undetec.com\\\/blog\\\/#website\"},\"primaryImageOfPage\":{\"@id\":\"https:\\\/\\\/www.undetec.com\\\/blog\\\/webcam-catalunya-idea-general\\\/#primaryimage\"},\"image\":{\"@id\":\"https:\\\/\\\/www.undetec.com\\\/blog\\\/webcam-catalunya-idea-general\\\/#primaryimage\"},\"thumbnailUrl\":\"http:\\\/\\\/undetec.com\\\/blog\\\/wp-content\\\/uploads\\\/2015\\\/02\\\/webcamcatalunya.png\",\"datePublished\":\"2015-01-27T11:47:27+00:00\",\"dateModified\":\"2015-02-27T14:04:24+00:00\",\"description\":\"WebCam cameres web Catalunya Lleida Girona Tarragona Ajuntaments meteorologia\",\"breadcrumb\":{\"@id\":\"https:\\\/\\\/www.undetec.com\\\/blog\\\/webcam-catalunya-idea-general\\\/#breadcrumb\"},\"inLanguage\":\"ca\",\"potentialAction\":[{\"@type\":\"ReadAction\",\"target\":[\"https:\\\/\\\/www.undetec.com\\\/blog\\\/webcam-catalunya-idea-general\\\/\"]}]},{\"@type\":\"ImageObject\",\"inLanguage\":\"ca\",\"@id\":\"https:\\\/\\\/www.undetec.com\\\/blog\\\/webcam-catalunya-idea-general\\\/#primaryimage\",\"url\":\"http:\\\/\\\/undetec.com\\\/blog\\\/wp-content\\\/uploads\\\/2015\\\/02\\\/webcamcatalunya.png\",\"contentUrl\":\"http:\\\/\\\/undetec.com\\\/blog\\\/wp-content\\\/uploads\\\/2015\\\/02\\\/webcamcatalunya.png\"},{\"@type\":\"BreadcrumbList\",\"@id\":\"https:\\\/\\\/www.undetec.com\\\/blog\\\/webcam-catalunya-idea-general\\\/#breadcrumb\",\"itemListElement\":[{\"@type\":\"ListItem\",\"position\":1,\"name\":\"Inici\",\"item\":\"https:\\\/\\\/www.undetec.com\\\/blog\\\/\"},{\"@type\":\"ListItem\",\"position\":2,\"name\":\"WebCam Catalunya (Idea General)\"}]},{\"@type\":\"WebSite\",\"@id\":\"https:\\\/\\\/www.undetec.com\\\/blog\\\/#website\",\"url\":\"https:\\\/\\\/www.undetec.com\\\/blog\\\/\",\"name\":\"UNDETEC\",\"description\":\"UNI\u00d3 DE TECNOLOGIES\",\"publisher\":{\"@id\":\"https:\\\/\\\/www.undetec.com\\\/blog\\\/#organization\"},\"potentialAction\":[{\"@type\":\"SearchAction\",\"target\":{\"@type\":\"EntryPoint\",\"urlTemplate\":\"https:\\\/\\\/www.undetec.com\\\/blog\\\/?s={search_term_string}\"},\"query-input\":{\"@type\":\"PropertyValueSpecification\",\"valueRequired\":true,\"valueName\":\"search_term_string\"}}],\"inLanguage\":\"ca\"},{\"@type\":\"Organization\",\"@id\":\"https:\\\/\\\/www.undetec.com\\\/blog\\\/#organization\",\"name\":\"UNDETEC\",\"url\":\"https:\\\/\\\/www.undetec.com\\\/blog\\\/\",\"logo\":{\"@type\":\"ImageObject\",\"inLanguage\":\"ca\",\"@id\":\"https:\\\/\\\/www.undetec.com\\\/blog\\\/#\\\/schema\\\/logo\\\/image\\\/\",\"url\":\"https:\\\/\\\/www.undetec.com\\\/blog\\\/wp-content\\\/uploads\\\/2016\\\/11\\\/undetec_logo.gif\",\"contentUrl\":\"https:\\\/\\\/www.undetec.com\\\/blog\\\/wp-content\\\/uploads\\\/2016\\\/11\\\/undetec_logo.gif\",\"width\":154,\"height\":45,\"caption\":\"UNDETEC\"},\"image\":{\"@id\":\"https:\\\/\\\/www.undetec.com\\\/blog\\\/#\\\/schema\\\/logo\\\/image\\\/\"},\"sameAs\":[\"https:\\\/\\\/www.facebook.com\\\/pages\\\/UNDETEC\\\/120913354659573\"]},{\"@type\":\"Person\",\"@id\":\"https:\\\/\\\/www.undetec.com\\\/blog\\\/#\\\/schema\\\/person\\\/dca8d17b31af190d67f6e369bb200912\",\"name\":\"Ramon Llorens\",\"image\":{\"@type\":\"ImageObject\",\"inLanguage\":\"ca\",\"@id\":\"https:\\\/\\\/secure.gravatar.com\\\/avatar\\\/48255d6568666e1ed64d01dbcdef7199fa5a4b5e51d42c7a15d7111e25d1caf5?s=96&d=mm&r=g\",\"url\":\"https:\\\/\\\/secure.gravatar.com\\\/avatar\\\/48255d6568666e1ed64d01dbcdef7199fa5a4b5e51d42c7a15d7111e25d1caf5?s=96&d=mm&r=g\",\"contentUrl\":\"https:\\\/\\\/secure.gravatar.com\\\/avatar\\\/48255d6568666e1ed64d01dbcdef7199fa5a4b5e51d42c7a15d7111e25d1caf5?s=96&d=mm&r=g\",\"caption\":\"Ramon Llorens\"},\"description\":\"Pogramador\",\"sameAs\":[\"http:\\\/\\\/www.undetec.com\"],\"url\":\"https:\\\/\\\/www.undetec.com\\\/blog\\\/author\\\/rllorens\\\/\"}]}<\/script>\n<!-- \/ Yoast SEO plugin. -->","yoast_head_json":{"title":"WebCam Catalunya (Idea General) - UNDETEC","description":"WebCam cameres web Catalunya Lleida Girona Tarragona Ajuntaments meteorologia","robots":{"index":"index","follow":"follow","max-snippet":"max-snippet:-1","max-image-preview":"max-image-preview:large","max-video-preview":"max-video-preview:-1"},"canonical":"https:\/\/www.undetec.com\/blog\/webcam-catalunya-idea-general\/","og_locale":"ca_ES","og_type":"article","og_title":"WebCam Catalunya (Idea General) - UNDETEC","og_description":"WebCam cameres web Catalunya Lleida Girona Tarragona Ajuntaments meteorologia","og_url":"https:\/\/www.undetec.com\/blog\/webcam-catalunya-idea-general\/","og_site_name":"UNDETEC","article_publisher":"https:\/\/www.facebook.com\/pages\/UNDETEC\/120913354659573","article_published_time":"2015-01-27T11:47:27+00:00","article_modified_time":"2015-02-27T14:04:24+00:00","og_image":[{"url":"http:\/\/undetec.com\/blog\/wp-content\/uploads\/2015\/02\/webcamcatalunya.png","type":"","width":"","height":""}],"author":"Ramon Llorens","twitter_card":"summary_large_image","twitter_misc":{"Escrit per":"Ramon Llorens","Temps estimat de lectura":"2 minuts"},"schema":{"@context":"https:\/\/schema.org","@graph":[{"@type":"Article","@id":"https:\/\/www.undetec.com\/blog\/webcam-catalunya-idea-general\/#article","isPartOf":{"@id":"https:\/\/www.undetec.com\/blog\/webcam-catalunya-idea-general\/"},"author":{"name":"Ramon Llorens","@id":"https:\/\/www.undetec.com\/blog\/#\/schema\/person\/dca8d17b31af190d67f6e369bb200912"},"headline":"WebCam Catalunya (Idea General)","datePublished":"2015-01-27T11:47:27+00:00","dateModified":"2015-02-27T14:04:24+00:00","mainEntityOfPage":{"@id":"https:\/\/www.undetec.com\/blog\/webcam-catalunya-idea-general\/"},"wordCount":357,"commentCount":0,"publisher":{"@id":"https:\/\/www.undetec.com\/blog\/#organization"},"image":{"@id":"https:\/\/www.undetec.com\/blog\/webcam-catalunya-idea-general\/#primaryimage"},"thumbnailUrl":"http:\/\/undetec.com\/blog\/wp-content\/uploads\/2015\/02\/webcamcatalunya.png","articleSection":["WebCam Catalunya"],"inLanguage":"ca","potentialAction":[{"@type":"CommentAction","name":"Comment","target":["https:\/\/www.undetec.com\/blog\/webcam-catalunya-idea-general\/#respond"]}]},{"@type":"WebPage","@id":"https:\/\/www.undetec.com\/blog\/webcam-catalunya-idea-general\/","url":"https:\/\/www.undetec.com\/blog\/webcam-catalunya-idea-general\/","name":"WebCam Catalunya (Idea General) - UNDETEC","isPartOf":{"@id":"https:\/\/www.undetec.com\/blog\/#website"},"primaryImageOfPage":{"@id":"https:\/\/www.undetec.com\/blog\/webcam-catalunya-idea-general\/#primaryimage"},"image":{"@id":"https:\/\/www.undetec.com\/blog\/webcam-catalunya-idea-general\/#primaryimage"},"thumbnailUrl":"http:\/\/undetec.com\/blog\/wp-content\/uploads\/2015\/02\/webcamcatalunya.png","datePublished":"2015-01-27T11:47:27+00:00","dateModified":"2015-02-27T14:04:24+00:00","description":"WebCam cameres web Catalunya Lleida Girona Tarragona Ajuntaments meteorologia","breadcrumb":{"@id":"https:\/\/www.undetec.com\/blog\/webcam-catalunya-idea-general\/#breadcrumb"},"inLanguage":"ca","potentialAction":[{"@type":"ReadAction","target":["https:\/\/www.undetec.com\/blog\/webcam-catalunya-idea-general\/"]}]},{"@type":"ImageObject","inLanguage":"ca","@id":"https:\/\/www.undetec.com\/blog\/webcam-catalunya-idea-general\/#primaryimage","url":"http:\/\/undetec.com\/blog\/wp-content\/uploads\/2015\/02\/webcamcatalunya.png","contentUrl":"http:\/\/undetec.com\/blog\/wp-content\/uploads\/2015\/02\/webcamcatalunya.png"},{"@type":"BreadcrumbList","@id":"https:\/\/www.undetec.com\/blog\/webcam-catalunya-idea-general\/#breadcrumb","itemListElement":[{"@type":"ListItem","position":1,"name":"Inici","item":"https:\/\/www.undetec.com\/blog\/"},{"@type":"ListItem","position":2,"name":"WebCam Catalunya (Idea General)"}]},{"@type":"WebSite","@id":"https:\/\/www.undetec.com\/blog\/#website","url":"https:\/\/www.undetec.com\/blog\/","name":"UNDETEC","description":"UNI\u00d3 DE TECNOLOGIES","publisher":{"@id":"https:\/\/www.undetec.com\/blog\/#organization"},"potentialAction":[{"@type":"SearchAction","target":{"@type":"EntryPoint","urlTemplate":"https:\/\/www.undetec.com\/blog\/?s={search_term_string}"},"query-input":{"@type":"PropertyValueSpecification","valueRequired":true,"valueName":"search_term_string"}}],"inLanguage":"ca"},{"@type":"Organization","@id":"https:\/\/www.undetec.com\/blog\/#organization","name":"UNDETEC","url":"https:\/\/www.undetec.com\/blog\/","logo":{"@type":"ImageObject","inLanguage":"ca","@id":"https:\/\/www.undetec.com\/blog\/#\/schema\/logo\/image\/","url":"https:\/\/www.undetec.com\/blog\/wp-content\/uploads\/2016\/11\/undetec_logo.gif","contentUrl":"https:\/\/www.undetec.com\/blog\/wp-content\/uploads\/2016\/11\/undetec_logo.gif","width":154,"height":45,"caption":"UNDETEC"},"image":{"@id":"https:\/\/www.undetec.com\/blog\/#\/schema\/logo\/image\/"},"sameAs":["https:\/\/www.facebook.com\/pages\/UNDETEC\/120913354659573"]},{"@type":"Person","@id":"https:\/\/www.undetec.com\/blog\/#\/schema\/person\/dca8d17b31af190d67f6e369bb200912","name":"Ramon Llorens","image":{"@type":"ImageObject","inLanguage":"ca","@id":"https:\/\/secure.gravatar.com\/avatar\/48255d6568666e1ed64d01dbcdef7199fa5a4b5e51d42c7a15d7111e25d1caf5?s=96&d=mm&r=g","url":"https:\/\/secure.gravatar.com\/avatar\/48255d6568666e1ed64d01dbcdef7199fa5a4b5e51d42c7a15d7111e25d1caf5?s=96&d=mm&r=g","contentUrl":"https:\/\/secure.gravatar.com\/avatar\/48255d6568666e1ed64d01dbcdef7199fa5a4b5e51d42c7a15d7111e25d1caf5?s=96&d=mm&r=g","caption":"Ramon Llorens"},"description":"Pogramador","sameAs":["http:\/\/www.undetec.com"],"url":"https:\/\/www.undetec.com\/blog\/author\/rllorens\/"}]}},"_links":{"self":[{"href":"https:\/\/www.undetec.com\/blog\/wp-json\/wp\/v2\/posts\/329","targetHints":{"allow":["GET"]}}],"collection":[{"href":"https:\/\/www.undetec.com\/blog\/wp-json\/wp\/v2\/posts"}],"about":[{"href":"https:\/\/www.undetec.com\/blog\/wp-json\/wp\/v2\/types\/post"}],"author":[{"embeddable":true,"href":"https:\/\/www.undetec.com\/blog\/wp-json\/wp\/v2\/users\/2"}],"replies":[{"embeddable":true,"href":"https:\/\/www.undetec.com\/blog\/wp-json\/wp\/v2\/comments?post=329"}],"version-history":[{"count":9,"href":"https:\/\/www.undetec.com\/blog\/wp-json\/wp\/v2\/posts\/329\/revisions"}],"predecessor-version":[{"id":629,"href":"https:\/\/www.undetec.com\/blog\/wp-json\/wp\/v2\/posts\/329\/revisions\/629"}],"wp:attachment":[{"href":"https:\/\/www.undetec.com\/blog\/wp-json\/wp\/v2\/media?parent=329"}],"wp:term":[{"taxonomy":"category","embeddable":true,"href":"https:\/\/www.undetec.com\/blog\/wp-json\/wp\/v2\/categories?post=329"},{"taxonomy":"post_tag","embeddable":true,"href":"https:\/\/www.undetec.com\/blog\/wp-json\/wp\/v2\/tags?post=329"}],"curies":[{"name":"wp","href":"https:\/\/api.w.org\/{rel}","templated":true}]}}